{"id":2631,"date":"2023-01-12T22:38:28","date_gmt":"2023-01-12T22:38:28","guid":{"rendered":"https:\/\/agroingex.es\/?p=2631"},"modified":"2023-02-13T12:40:57","modified_gmt":"2023-02-13T12:40:57","slug":"subsidios-para-paineis-solares-fotovoltaicos-2023","status":"publish","type":"post","link":"https:\/\/agroingex.es\/pt\/subsidios-para-paineis-solares-fotovoltaicos-2023\/","title":{"rendered":"Bolsas para pain\u00e9is fotovoltaicos Extremadura 2023"},"content":{"rendered":"<p>O <strong>Ajudas e subs\u00eddios para instala\u00e7\u00e3o de pain\u00e9is fotovoltaicos<\/strong>\u00a0s\u00e3o uma das maiores motiva\u00e7\u00f5es para a mudan\u00e7a para a energia solar. Por outro lado, a comunidade europeia concentra-se na transi\u00e7\u00e3o para a energia verde. <strong>aumentando o dinheiro alocado<\/strong> por esta causa.<span class=\"Apple-converted-space\">\u00a0<\/span><\/p>\n<p>Em <strong>2023<\/strong> o plano de ajuda da Uni\u00e3o Europeia Next Generation para instala\u00e7\u00f5es solares <strong>aumentou em 550 milh\u00f5es de euros<\/strong>, a fim de contribuir para a transi\u00e7\u00e3o para a energia solar. Algumas das comunidades aut\u00f4nomas que ser\u00e3o beneficiadas por esta ajuda s\u00e3o Andaluzia, Castela-La Mancha, Madri e Castela e Le\u00e3o.<span class=\"Apple-converted-space\">\u00a0<\/span><\/p>\n<p>O <strong>Instala\u00e7\u00f5es de pain\u00e9is fotovoltaicos receber\u00e3o aux\u00edlio em 2023 no IBI ou ICIO<\/strong>, aspecto que torna os n\u00fameros de rentabilidade e amortiza\u00e7\u00e3o das placas bastante positivos.<span class=\"Apple-converted-space\">\u00a0<\/span><\/p>\n<p>&nbsp;<\/p>\n<h2><strong>Quem ter\u00e1 direito a subs\u00eddios e bolsas para energia solar?<span class=\"Apple-converted-space\">\u00a0<\/span><\/strong><\/h2>\n<p>&nbsp;<\/p>\n<p>Os subs\u00eddios para pain\u00e9is fotovoltaicos em 2023 ser\u00e3o abrangentes, ou seja, tanto <strong>indiv\u00edduos como empresas ou ind\u00fastrias<\/strong> poder\u00e3o ter acesso a esses aux\u00edlios. Ao mesmo tempo, tamb\u00e9m ser\u00e3o eleg\u00edveis para subs\u00eddios:<strong> institui\u00e7\u00f5es p\u00fablicas ou entidades sociais.<span class=\"Apple-converted-space\">\u00a0<\/span><\/strong><\/p>\n<p>Os subs\u00eddios e bolsas fotovoltaicas visam facilitar as instala\u00e7\u00f5es de energia solar e torn\u00e1-las acess\u00edveis ao p\u00fablico em geral.<strong> Eles abrangem tanto pain\u00e9is solares ou pain\u00e9is fotovoltaicos quanto baterias solares.<\/strong>, que s\u00e3o usados para armazenamento de energia.<span class=\"Apple-converted-space\">\u00a0<\/span><\/p>\n<p>O<strong> indiv\u00edduos<\/strong> pode obter <strong>aux\u00edlio de at\u00e9 40%<\/strong> do custo de instala\u00e7\u00e3o da energia solar, valor que torna o per\u00edodo de<strong> amortiza\u00e7\u00e3o<\/strong> de pain\u00e9is solares \u00e9 reduzido para <strong>cinco anos<\/strong> aproximadamente. Para o <strong>ind\u00fastrias ou empresas<\/strong>, <strong>A percentagem de subs\u00eddio atinge 60%<\/strong> o custo da instala\u00e7\u00e3o fotovoltaica, tornando o autoconsumo a fonte de energia mais rent\u00e1vel e eficiente no momento.<span class=\"Apple-converted-space\">\u00a0<\/span><\/p>\n<p>&nbsp;<\/p>\n<h2><strong>Como posso solicitar aux\u00edlio para autoconsumo? Quais documentos preciso para solicitar subs\u00eddios para instala\u00e7\u00e3o de pain\u00e9is solares?<span class=\"Apple-converted-space\">\u00a0<\/span><\/strong><\/h2>\n<p>&nbsp;<\/p>\n<p>Embora<strong> a documenta\u00e7\u00e3o pode variar<\/strong> Dependendo da comunidade aut\u00f4noma, contaremos as caracter\u00edsticas mais frequentes e repetidas em quase todas as comunidades aut\u00f4nomas:<\/p>\n<ul>\n<li><strong>Documento de identidade<\/strong> do requerente, seja ele pessoa f\u00edsica ou jur\u00eddica.<\/li>\n<li><strong>Formul\u00e1rio de inscri\u00e7\u00e3o<\/strong>.<\/li>\n<li><strong>Or\u00e7amento detalhado<\/strong>, emitido e assinado por uma empresa ou t\u00e9cnico de energia solar.<span class=\"Apple-converted-space\">\u00a0<\/span><\/li>\n<li><strong>Comprovante de pagamento<\/strong>.<\/li>\n<li><strong>Na Agroindex somos respons\u00e1veis por assessor\u00e1-lo durante todo o processo.<\/strong> pedido de subs\u00eddio para pain\u00e9is solares, <strong>voc\u00ea n\u00e3o ter\u00e1 que se preocupar com nada.<\/strong><\/li>\n<\/ul>\n<p><span class=\"Apple-converted-space\">\u00a0<\/span><\/p>\n<h2><strong>At\u00e9 quando posso solicitar aux\u00edlios e subs\u00eddios para instala\u00e7\u00f5es fotovoltaicas?<span class=\"Apple-converted-space\">\u00a0<\/span><\/strong><\/h2>\n<p>&nbsp;<\/p>\n<p>Per\u00edodo de submiss\u00e3o de candidaturas <strong>Depende da publica\u00e7\u00e3o do boletim de cada comunidade aut\u00f4noma<\/strong>, no entanto o<strong> conclus\u00e3o do envio de candidaturas<\/strong> de ajuda ser\u00e1 o <strong>30 de dezembro de 2023<\/strong>.<span class=\"Apple-converted-space\">\u00a0 <\/span>Um aspecto muito importante em rela\u00e7\u00e3o \u00e0 <strong>aceita\u00e7\u00e3o de candidaturas<\/strong> \u00e9 o <strong>disponibilidade de fundos<\/strong>e. Os subs\u00eddios ser\u00e3o alocados por ordem de chegada e, quando os fundos estiverem esgotados, nenhuma outra ajuda ser\u00e1 concedida para instala\u00e7\u00f5es solares.<\/p>\n<p>&nbsp;<\/p>\n<h2><strong>Prazo final para solicita\u00e7\u00e3o de subs\u00eddios e bolsas para instala\u00e7\u00f5es fotovoltaicas em Extremadura, Castela-La Mancha e Madri para 2023.<span class=\"Apple-converted-space\">\u00a0<\/span><\/strong><\/h2>\n<p>&nbsp;<\/p>\n<ul>\n<li>Extremadura: Come\u00e7ou em 26 de janeiro de 2022 e terminar\u00e1 em 30 de dezembro de 2023.<span class=\"Apple-converted-space\">\u00a0<\/span><\/li>\n<li>Castilla-La Mancha: Come\u00e7ou em 21 de dezembro de 2021 e terminar\u00e1 em 30 de dezembro de 2023.<span class=\"Apple-converted-space\">\u00a0<\/span><\/li>\n<li>Madri: come\u00e7ou em 16 de novembro de 2021 e terminar\u00e1 em 31 de dezembro de 2023.<\/li>\n<\/ul>\n<p>&nbsp;<\/p>\n<h3><a href=\"https:\/\/agroingex.es\/pt\/calculadora-solar\/\"><strong>CALCULE SEU OR\u00c7AMENTO GRATUITO NA NOSSA CALCULADORA SOLAR<\/strong><\/a><\/h3>\n<p>&nbsp;<\/p>\n<h3><strong>Quer saber mais sobre subs\u00eddios e bolsas para instala\u00e7\u00f5es solares em 2023? <a href=\"https:\/\/agroingex.es\/pt\/contato\/\">Contate-nos.<span class=\"Apple-converted-space\">\u00a0<\/span><\/a><\/strong><\/h3>","protected":false},"excerpt":{"rendered":"<p>Subs\u00eddios e subs\u00eddios para a instala\u00e7\u00e3o de pain\u00e9is fotovoltaicos s\u00e3o uma das maiores motiva\u00e7\u00f5es para a mudan\u00e7a para a energia solar. Al\u00e9m disso, a Uni\u00e3o Europeia est\u00e1 se concentrando na transi\u00e7\u00e3o para a energia verde, aumentando o financiamento alocado para esse fim. Em 2023, o plano de aux\u00edlio para instala\u00e7\u00f5es [\u2026]<\/p>","protected":false},"author":1,"featured_media":3019,"comment_status":"closed","ping_status":"closed","sticky":false,"template":"","format":"standard","meta":{"footnotes":""},"categories":[2],"tags":[],"class_list":["post-2631","post","type-post","status-publish","format-standard","has-post-thumbnail","hentry","category-asesoramiento"],"yoast_head":"<!-- This site is optimized with the Yoast SEO plugin v26.6 - https:\/\/yoast.com\/wordpress\/plugins\/seo\/ -->\n<title>Subvenciones placas fotovoltaicas Extremadura 2023 - Agroingex<\/title>\n<meta name=\"description\" content=\"Subvenciones para la instalaci\u00f3n de placas solares y fotovoltaicas 2023 para Extremadura, Madrid y Castilla-La Mancha.\" \/>\n<meta name=\"robots\" content=\"index, follow, max-snippet:-1, max-image-preview:large, max-video-preview:-1\" \/>\n<link rel=\"canonical\" href=\"https:\/\/agroingex.es\/pt\/subsidios-para-paineis-solares-fotovoltaicos-2023\/\" \/>\n<meta property=\"og:locale\" content=\"pt_PT\" \/>\n<meta property=\"og:type\" content=\"article\" \/>\n<meta property=\"og:title\" content=\"Subvenciones placas fotovoltaicas Extremadura 2023 - Agroingex\" \/>\n<meta property=\"og:description\" content=\"Subvenciones para la instalaci\u00f3n de placas solares y fotovoltaicas 2023 para Extremadura, Madrid y Castilla-La Mancha.\" \/>\n<meta property=\"og:url\" content=\"https:\/\/agroingex.es\/pt\/subsidios-para-paineis-solares-fotovoltaicos-2023\/\" \/>\n<meta property=\"og:site_name\" content=\"Agroingex\" \/>\n<meta property=\"article:published_time\" content=\"2023-01-12T22:38:28+00:00\" \/>\n<meta property=\"article:modified_time\" content=\"2023-02-13T12:40:57+00:00\" \/>\n<meta property=\"og:image\" content=\"https:\/\/agroingex.es\/wp-content\/uploads\/2023\/01\/solar-panels-on-the-skywallsolar-power-plant-blue-solar-panels-alternative-source-of-electricity-1-1.jpg\" \/>\n\t<meta property=\"og:image:width\" content=\"1620\" \/>\n\t<meta property=\"og:image:height\" content=\"1080\" \/>\n\t<meta property=\"og:image:type\" content=\"image\/jpeg\" \/>\n<meta name=\"author\" content=\"Comunicaci\u00f3n\" \/>\n<meta name=\"twitter:card\" content=\"summary_large_image\" \/>\n<meta name=\"twitter:label1\" content=\"Escrito por\" \/>\n\t<meta name=\"twitter:data1\" content=\"Comunicaci\u00f3n\" \/>\n\t<meta name=\"twitter:label2\" content=\"Tempo estimado de leitura\" \/>\n\t<meta name=\"twitter:data2\" content=\"3 minutos\" \/>\n<script type=\"application\/ld+json\" class=\"yoast-schema-graph\">{\"@context\":\"https:\/\/schema.org\",\"@graph\":[{\"@type\":\"Article\",\"@id\":\"https:\/\/agroingex.es\/subvenciones-placas-solares-fotovoltaica-2023\/#article\",\"isPartOf\":{\"@id\":\"https:\/\/agroingex.es\/subvenciones-placas-solares-fotovoltaica-2023\/\"},\"author\":{\"name\":\"Comunicaci\u00f3n\",\"@id\":\"https:\/\/agroingex.es\/#\/schema\/person\/f03165d17ee4970f7282e1cff887dc76\"},\"headline\":\"Subvenciones placas fotovoltaicas Extremadura 2023\",\"datePublished\":\"2023-01-12T22:38:28+00:00\",\"dateModified\":\"2023-02-13T12:40:57+00:00\",\"mainEntityOfPage\":{\"@id\":\"https:\/\/agroingex.es\/subvenciones-placas-solares-fotovoltaica-2023\/\"},\"wordCount\":604,\"publisher\":{\"@id\":\"https:\/\/agroingex.es\/#organization\"},\"image\":{\"@id\":\"https:\/\/agroingex.es\/subvenciones-placas-solares-fotovoltaica-2023\/#primaryimage\"},\"thumbnailUrl\":\"https:\/\/agroingex.es\/wp-content\/uploads\/2023\/01\/solar-panels-on-the-skywallsolar-power-plant-blue-solar-panels-alternative-source-of-electricity-1-1.jpg\",\"articleSection\":[\"Asesoramiento\"],\"inLanguage\":\"pt-PT\"},{\"@type\":\"WebPage\",\"@id\":\"https:\/\/agroingex.es\/subvenciones-placas-solares-fotovoltaica-2023\/\",\"url\":\"https:\/\/agroingex.es\/subvenciones-placas-solares-fotovoltaica-2023\/\",\"name\":\"Subvenciones placas fotovoltaicas Extremadura 2023 - Agroingex\",\"isPartOf\":{\"@id\":\"https:\/\/agroingex.es\/#website\"},\"primaryImageOfPage\":{\"@id\":\"https:\/\/agroingex.es\/subvenciones-placas-solares-fotovoltaica-2023\/#primaryimage\"},\"image\":{\"@id\":\"https:\/\/agroingex.es\/subvenciones-placas-solares-fotovoltaica-2023\/#primaryimage\"},\"thumbnailUrl\":\"https:\/\/agroingex.es\/wp-content\/uploads\/2023\/01\/solar-panels-on-the-skywallsolar-power-plant-blue-solar-panels-alternative-source-of-electricity-1-1.jpg\",\"datePublished\":\"2023-01-12T22:38:28+00:00\",\"dateModified\":\"2023-02-13T12:40:57+00:00\",\"description\":\"Subvenciones para la instalaci\u00f3n de placas solares y fotovoltaicas 2023 para Extremadura, Madrid y Castilla-La Mancha.\",\"breadcrumb\":{\"@id\":\"https:\/\/agroingex.es\/subvenciones-placas-solares-fotovoltaica-2023\/#breadcrumb\"},\"inLanguage\":\"pt-PT\",\"potentialAction\":[{\"@type\":\"ReadAction\",\"target\":[\"https:\/\/agroingex.es\/subvenciones-placas-solares-fotovoltaica-2023\/\"]}]},{\"@type\":\"ImageObject\",\"inLanguage\":\"pt-PT\",\"@id\":\"https:\/\/agroingex.es\/subvenciones-placas-solares-fotovoltaica-2023\/#primaryimage\",\"url\":\"https:\/\/agroingex.es\/wp-content\/uploads\/2023\/01\/solar-panels-on-the-skywallsolar-power-plant-blue-solar-panels-alternative-source-of-electricity-1-1.jpg\",\"contentUrl\":\"https:\/\/agroingex.es\/wp-content\/uploads\/2023\/01\/solar-panels-on-the-skywallsolar-power-plant-blue-solar-panels-alternative-source-of-electricity-1-1.jpg\",\"width\":1620,\"height\":1080,\"caption\":\"solar panels on the skywallsolar power plant blue solar panels alternative source of electricity 1 1\"},{\"@type\":\"BreadcrumbList\",\"@id\":\"https:\/\/agroingex.es\/subvenciones-placas-solares-fotovoltaica-2023\/#breadcrumb\",\"itemListElement\":[{\"@type\":\"ListItem\",\"position\":1,\"name\":\"Portada\",\"item\":\"https:\/\/agroingex.es\/\"},{\"@type\":\"ListItem\",\"position\":2,\"name\":\"Subvenciones placas fotovoltaicas Extremadura 2023\"}]},{\"@type\":\"WebSite\",\"@id\":\"https:\/\/agroingex.es\/#website\",\"url\":\"https:\/\/agroingex.es\/\",\"name\":\"Agroingex\",\"description\":\"Agroingex | Gesti\u00f3n de explotaciones agrarias\",\"publisher\":{\"@id\":\"https:\/\/agroingex.es\/#organization\"},\"potentialAction\":[{\"@type\":\"SearchAction\",\"target\":{\"@type\":\"EntryPoint\",\"urlTemplate\":\"https:\/\/agroingex.es\/?s={search_term_string}\"},\"query-input\":{\"@type\":\"PropertyValueSpecification\",\"valueRequired\":true,\"valueName\":\"search_term_string\"}}],\"inLanguage\":\"pt-PT\"},{\"@type\":\"Organization\",\"@id\":\"https:\/\/agroingex.es\/#organization\",\"name\":\"Agroingex\",\"url\":\"https:\/\/agroingex.es\/\",\"logo\":{\"@type\":\"ImageObject\",\"inLanguage\":\"pt-PT\",\"@id\":\"https:\/\/agroingex.es\/#\/schema\/logo\/image\/\",\"url\":\"https:\/\/agroingex.es\/wp-content\/uploads\/2022\/09\/agroingex-energia.png\",\"contentUrl\":\"https:\/\/agroingex.es\/wp-content\/uploads\/2022\/09\/agroingex-energia.png\",\"width\":545,\"height\":241,\"caption\":\"Agroingex\"},\"image\":{\"@id\":\"https:\/\/agroingex.es\/#\/schema\/logo\/image\/\"}},{\"@type\":\"Person\",\"@id\":\"https:\/\/agroingex.es\/#\/schema\/person\/f03165d17ee4970f7282e1cff887dc76\",\"name\":\"Comunicaci\u00f3n\",\"image\":{\"@type\":\"ImageObject\",\"inLanguage\":\"pt-PT\",\"@id\":\"https:\/\/agroingex.es\/#\/schema\/person\/image\/\",\"url\":\"https:\/\/secure.gravatar.com\/avatar\/158bcb11042f9b372d52218aa5510674159de6c7d90d996f0579d75d77fe136d?s=96&d=mm&r=g\",\"contentUrl\":\"https:\/\/secure.gravatar.com\/avatar\/158bcb11042f9b372d52218aa5510674159de6c7d90d996f0579d75d77fe136d?s=96&d=mm&r=g\",\"caption\":\"Comunicaci\u00f3n\"},\"sameAs\":[\"http:\/\/agroingex.es\"]}]}<\/script>\n<!-- \/ Yoast SEO plugin. -->","yoast_head_json":{"title":"Subs\u00eddios para pain\u00e9is fotovoltaicos Extremadura 2023 - Agroingex","description":"Subven\u00e7\u00f5es para instala\u00e7\u00e3o de pain\u00e9is solares e fotovoltaicos 2023 para Extremadura, Madri e Castela-La Mancha.","robots":{"index":"index","follow":"follow","max-snippet":"max-snippet:-1","max-image-preview":"max-image-preview:large","max-video-preview":"max-video-preview:-1"},"canonical":"https:\/\/agroingex.es\/pt\/subsidios-para-paineis-solares-fotovoltaicos-2023\/","og_locale":"pt_PT","og_type":"article","og_title":"Subvenciones placas fotovoltaicas Extremadura 2023 - Agroingex","og_description":"Subvenciones para la instalaci\u00f3n de placas solares y fotovoltaicas 2023 para Extremadura, Madrid y Castilla-La Mancha.","og_url":"https:\/\/agroingex.es\/pt\/subsidios-para-paineis-solares-fotovoltaicos-2023\/","og_site_name":"Agroingex","article_published_time":"2023-01-12T22:38:28+00:00","article_modified_time":"2023-02-13T12:40:57+00:00","og_image":[{"width":1620,"height":1080,"url":"https:\/\/agroingex.es\/wp-content\/uploads\/2023\/01\/solar-panels-on-the-skywallsolar-power-plant-blue-solar-panels-alternative-source-of-electricity-1-1.jpg","type":"image\/jpeg"}],"author":"Comunicaci\u00f3n","twitter_card":"summary_large_image","twitter_misc":{"Escrito por":"Comunicaci\u00f3n","Tempo estimado de leitura":"3 minutos"},"schema":{"@context":"https:\/\/schema.org","@graph":[{"@type":"Article","@id":"https:\/\/agroingex.es\/subvenciones-placas-solares-fotovoltaica-2023\/#article","isPartOf":{"@id":"https:\/\/agroingex.es\/subvenciones-placas-solares-fotovoltaica-2023\/"},"author":{"name":"Comunicaci\u00f3n","@id":"https:\/\/agroingex.es\/#\/schema\/person\/f03165d17ee4970f7282e1cff887dc76"},"headline":"Subvenciones placas fotovoltaicas Extremadura 2023","datePublished":"2023-01-12T22:38:28+00:00","dateModified":"2023-02-13T12:40:57+00:00","mainEntityOfPage":{"@id":"https:\/\/agroingex.es\/subvenciones-placas-solares-fotovoltaica-2023\/"},"wordCount":604,"publisher":{"@id":"https:\/\/agroingex.es\/#organization"},"image":{"@id":"https:\/\/agroingex.es\/subvenciones-placas-solares-fotovoltaica-2023\/#primaryimage"},"thumbnailUrl":"https:\/\/agroingex.es\/wp-content\/uploads\/2023\/01\/solar-panels-on-the-skywallsolar-power-plant-blue-solar-panels-alternative-source-of-electricity-1-1.jpg","articleSection":["Asesoramiento"],"inLanguage":"pt-PT"},{"@type":"WebPage","@id":"https:\/\/agroingex.es\/subvenciones-placas-solares-fotovoltaica-2023\/","url":"https:\/\/agroingex.es\/subvenciones-placas-solares-fotovoltaica-2023\/","name":"Subs\u00eddios para pain\u00e9is fotovoltaicos Extremadura 2023 - Agroingex","isPartOf":{"@id":"https:\/\/agroingex.es\/#website"},"primaryImageOfPage":{"@id":"https:\/\/agroingex.es\/subvenciones-placas-solares-fotovoltaica-2023\/#primaryimage"},"image":{"@id":"https:\/\/agroingex.es\/subvenciones-placas-solares-fotovoltaica-2023\/#primaryimage"},"thumbnailUrl":"https:\/\/agroingex.es\/wp-content\/uploads\/2023\/01\/solar-panels-on-the-skywallsolar-power-plant-blue-solar-panels-alternative-source-of-electricity-1-1.jpg","datePublished":"2023-01-12T22:38:28+00:00","dateModified":"2023-02-13T12:40:57+00:00","description":"Subven\u00e7\u00f5es para instala\u00e7\u00e3o de pain\u00e9is solares e fotovoltaicos 2023 para Extremadura, Madri e Castela-La Mancha.","breadcrumb":{"@id":"https:\/\/agroingex.es\/subvenciones-placas-solares-fotovoltaica-2023\/#breadcrumb"},"inLanguage":"pt-PT","potentialAction":[{"@type":"ReadAction","target":["https:\/\/agroingex.es\/subvenciones-placas-solares-fotovoltaica-2023\/"]}]},{"@type":"ImageObject","inLanguage":"pt-PT","@id":"https:\/\/agroingex.es\/subvenciones-placas-solares-fotovoltaica-2023\/#primaryimage","url":"https:\/\/agroingex.es\/wp-content\/uploads\/2023\/01\/solar-panels-on-the-skywallsolar-power-plant-blue-solar-panels-alternative-source-of-electricity-1-1.jpg","contentUrl":"https:\/\/agroingex.es\/wp-content\/uploads\/2023\/01\/solar-panels-on-the-skywallsolar-power-plant-blue-solar-panels-alternative-source-of-electricity-1-1.jpg","width":1620,"height":1080,"caption":"solar panels on the skywallsolar power plant blue solar panels alternative source of electricity 1 1"},{"@type":"BreadcrumbList","@id":"https:\/\/agroingex.es\/subvenciones-placas-solares-fotovoltaica-2023\/#breadcrumb","itemListElement":[{"@type":"ListItem","position":1,"name":"Portada","item":"https:\/\/agroingex.es\/"},{"@type":"ListItem","position":2,"name":"Subvenciones placas fotovoltaicas Extremadura 2023"}]},{"@type":"WebSite","@id":"https:\/\/agroingex.es\/#website","url":"https:\/\/agroingex.es\/","name":"Agroingex","description":"Agroingex | Gest\u00e3o de fazenda","publisher":{"@id":"https:\/\/agroingex.es\/#organization"},"potentialAction":[{"@type":"SearchAction","target":{"@type":"EntryPoint","urlTemplate":"https:\/\/agroingex.es\/?s={search_term_string}"},"query-input":{"@type":"PropertyValueSpecification","valueRequired":true,"valueName":"search_term_string"}}],"inLanguage":"pt-PT"},{"@type":"Organization","@id":"https:\/\/agroingex.es\/#organization","name":"Agroingex","url":"https:\/\/agroingex.es\/","logo":{"@type":"ImageObject","inLanguage":"pt-PT","@id":"https:\/\/agroingex.es\/#\/schema\/logo\/image\/","url":"https:\/\/agroingex.es\/wp-content\/uploads\/2022\/09\/agroingex-energia.png","contentUrl":"https:\/\/agroingex.es\/wp-content\/uploads\/2022\/09\/agroingex-energia.png","width":545,"height":241,"caption":"Agroingex"},"image":{"@id":"https:\/\/agroingex.es\/#\/schema\/logo\/image\/"}},{"@type":"Person","@id":"https:\/\/agroingex.es\/#\/schema\/person\/f03165d17ee4970f7282e1cff887dc76","name":"Comunica\u00e7\u00e3o","image":{"@type":"ImageObject","inLanguage":"pt-PT","@id":"https:\/\/agroingex.es\/#\/schema\/person\/image\/","url":"https:\/\/secure.gravatar.com\/avatar\/158bcb11042f9b372d52218aa5510674159de6c7d90d996f0579d75d77fe136d?s=96&d=mm&r=g","contentUrl":"https:\/\/secure.gravatar.com\/avatar\/158bcb11042f9b372d52218aa5510674159de6c7d90d996f0579d75d77fe136d?s=96&d=mm&r=g","caption":"Comunicaci\u00f3n"},"sameAs":["http:\/\/agroingex.es"]}]}},"_links":{"self":[{"href":"https:\/\/agroingex.es\/pt\/wp-json\/wp\/v2\/posts\/2631","targetHints":{"allow":["GET"]}}],"collection":[{"href":"https:\/\/agroingex.es\/pt\/wp-json\/wp\/v2\/posts"}],"about":[{"href":"https:\/\/agroingex.es\/pt\/wp-json\/wp\/v2\/types\/post"}],"author":[{"embeddable":true,"href":"https:\/\/agroingex.es\/pt\/wp-json\/wp\/v2\/users\/1"}],"replies":[{"embeddable":true,"href":"https:\/\/agroingex.es\/pt\/wp-json\/wp\/v2\/comments?post=2631"}],"version-history":[{"count":8,"href":"https:\/\/agroingex.es\/pt\/wp-json\/wp\/v2\/posts\/2631\/revisions"}],"predecessor-version":[{"id":3505,"href":"https:\/\/agroingex.es\/pt\/wp-json\/wp\/v2\/posts\/2631\/revisions\/3505"}],"wp:featuredmedia":[{"embeddable":true,"href":"https:\/\/agroingex.es\/pt\/wp-json\/wp\/v2\/media\/3019"}],"wp:attachment":[{"href":"https:\/\/agroingex.es\/pt\/wp-json\/wp\/v2\/media?parent=2631"}],"wp:term":[{"taxonomy":"category","embeddable":true,"href":"https:\/\/agroingex.es\/pt\/wp-json\/wp\/v2\/categories?post=2631"},{"taxonomy":"post_tag","embeddable":true,"href":"https:\/\/agroingex.es\/pt\/wp-json\/wp\/v2\/tags?post=2631"}],"curies":[{"name":"wp","href":"https:\/\/api.w.org\/{rel}","templated":true}]}}