{"id":4019,"date":"2023-11-23T09:51:02","date_gmt":"2023-11-23T09:51:02","guid":{"rendered":"https:\/\/agroingex.es\/?p=4019"},"modified":"2023-11-23T09:51:30","modified_gmt":"2023-11-23T09:51:30","slug":"a-extremadura-acolhe-um-projeto-de-investigacao-comprometido-com-a-implementacao-de-estrategias-de-gestao-pecuaria-e-de-centrais-fotovoltaicas","status":"publish","type":"post","link":"https:\/\/agroingex.es\/pt\/a-extremadura-acolhe-um-projeto-de-investigacao-comprometido-com-a-implementacao-de-estrategias-de-gestao-pecuaria-e-de-centrais-fotovoltaicas\/","title":{"rendered":"A Extremadura acolhe um projeto de investiga\u00e7\u00e3o que visa implementar estrat\u00e9gias de gest\u00e3o pecu\u00e1ria em centrais fotovoltaicas."},"content":{"rendered":"<h3>O objetivo da iniciativa PASTOREO-FV, lan\u00e7ada pelo CICYTEX, \u00e9 tornar essas instala\u00e7\u00f5es mais sustent\u00e1veis.<\/h3>\n<p>Ele <strong>Centro de Investiga\u00e7\u00e3o Cient\u00edfica e Tecnol\u00f3gica da Extremadura (CICYTEX)<\/strong> lan\u00e7ou, em conjunto com tr\u00eas entidades nacionais e com a colabora\u00e7\u00e3o da Dire\u00e7\u00e3o-Geral de Sustentabilidade da Junta da Extremadura, a iniciativa <strong>PASTOREO-FV, projeto de pesquisa que visa implementar estrat\u00e9gias de gest\u00e3o baseadas na pecu\u00e1ria extensiva em usinas fotovoltaicas<\/strong> para tornar essas instala\u00e7\u00f5es mais sustent\u00e1veis.<\/p>\n<p>Atrav\u00e9s de um acordo de colabora\u00e7\u00e3o, v\u00e1lido at\u00e9 dezembro de 2025, com uma explora\u00e7\u00e3o pecu\u00e1ria e uma central solar fotovoltaica localizadas em Badajoz, a CICYTEX lan\u00e7ar\u00e1 uma <strong>experi\u00eancia piloto em usinas fotovoltaicas<\/strong>, com base no desenho e implementa\u00e7\u00e3o de estrat\u00e9gias de gest\u00e3o atrav\u00e9s da melhoria da cobertura vegetal e do pastoreio.<\/p>\n<p>Assim, a fazenda &quot;Los Rostros&quot; fornecer\u00e1 gado ovino para uso nas pastagens desta \u00e1rea experimental, seguindo estrat\u00e9gias pecu\u00e1rias espec\u00edficas definidas pelos t\u00e9cnicos do CICYTEX.<\/p>\n<p>Conforme partilhado pelo Centro de Investiga\u00e7\u00e3o Cient\u00edfica e Tecnol\u00f3gica da Extremadura, <strong>Um segundo acordo de colabora\u00e7\u00e3o ser\u00e1 formalizado em breve para replicar este trabalho.<\/strong> em outra usina fotovoltaica localizada na regi\u00e3o de Tierra de Barros.<\/p>\n<h4>A pecu\u00e1ria como ferramenta de integra\u00e7\u00e3o do uso agr\u00edcola e energ\u00e9tico<\/h4>\n<p>O uso de gado, geralmente ovelhas, para controlar a cobertura herb\u00e1cea espont\u00e2nea gerada em usinas fotovoltaicas n\u00e3o \u00e9 novidade. <strong>Ovelhas s\u00e3o tradicionalmente usadas para minimizar o risco de inc\u00eandios.<\/strong> atrav\u00e9s do consumo da biomassa herb\u00e1cea existente.<\/p>\n<p>Com este trabalho o CICYTEX prop\u00f5e uma <strong>uma mudan\u00e7a de paradigma em que a pecu\u00e1ria tamb\u00e9m \u00e9 um recurso gerador de riqueza econ\u00f4mica, ambiental e social nas \u00e1reas onde as usinas est\u00e3o localizadas.<\/strong> Da mesma forma, prop\u00f5e-se implementar atividades agr\u00edcolas em energia fotovoltaica adaptadas ao contexto regional, permitindo a compatibiliza\u00e7\u00e3o do uso agr\u00edcola e energ\u00e9tico.<\/p>\n<p>O PASTOREO-FV \u00e9 apoiado pela Funda\u00e7\u00e3o para a Biodiversidade do Minist\u00e9rio da Transi\u00e7\u00e3o Ecol\u00f3gica e do Desafio Demogr\u00e1fico (MITECO) no \u00e2mbito do Plano de Recupera\u00e7\u00e3o, Transforma\u00e7\u00e3o e Resili\u00eancia (PRTR), financiado pela Uni\u00e3o Europeia \u2013 NextGenerationEU. O conhecimento e os resultados gerados pelo projeto ser\u00e3o transferidos para os setores de energia e agricultura quando ele for conclu\u00eddo.<\/p>\n<p><strong>Na Agroingex estamos comprometidos com a sustentabilidade e o cuidado dos campos da Extremadura.<\/strong> quando se trata de aproveitar os recursos energ\u00e9ticos que o sol nos oferece em uma comunidade com mais de 3.106 horas de sol por ano.<\/p>","protected":false},"excerpt":{"rendered":"<p>O objetivo da iniciativa PASTOREO-FV, lan\u00e7ada pelo CICYTEX, \u00e9 tornar essas instala\u00e7\u00f5es mais sustent\u00e1veis. O Centro de Pesquisa Cient\u00edfica e Tecnol\u00f3gica da Extremadura (CICYTEX) lan\u00e7ou a iniciativa PASTOREO-FV, juntamente com tr\u00eas entidades nacionais e em colabora\u00e7\u00e3o com a Dire\u00e7\u00e3o-Geral de Sustentabilidade do Governo Regional da Extremadura.<\/p>","protected":false},"author":1,"featured_media":4020,"comment_status":"closed","ping_status":"closed","sticky":false,"template":"","format":"standard","meta":{"footnotes":""},"categories":[5],"tags":[],"class_list":["post-4019","post","type-post","status-publish","format-standard","has-post-thumbnail","hentry","category-sostenibilidad"],"yoast_head":"<!-- This site is optimized with the Yoast SEO plugin v26.6 - https:\/\/yoast.com\/wordpress\/plugins\/seo\/ -->\n<title>Extremadura acoge un proyecto de investigaci\u00f3n que apuesta por implantar estrategias de gesti\u00f3n ganadera en plantas fotovoltaicas - Agroingex<\/title>\n<meta name=\"description\" content=\"El objetivo de la iniciativa PASTOREO-FV, puesta en marcha por CICYTEX, es que estas instalaciones sean m\u00e1s sostenibles.\" \/>\n<meta name=\"robots\" content=\"index, follow, max-snippet:-1, max-image-preview:large, max-video-preview:-1\" \/>\n<link rel=\"canonical\" href=\"https:\/\/agroingex.es\/pt\/a-extremadura-acolhe-um-projeto-de-investigacao-comprometido-com-a-implementacao-de-estrategias-de-gestao-pecuaria-e-de-centrais-fotovoltaicas\/\" \/>\n<meta property=\"og:locale\" content=\"pt_PT\" \/>\n<meta property=\"og:type\" content=\"article\" \/>\n<meta property=\"og:title\" content=\"Extremadura acoge un proyecto de investigaci\u00f3n que apuesta por implantar estrategias de gesti\u00f3n ganadera en plantas fotovoltaicas - Agroingex\" \/>\n<meta property=\"og:description\" content=\"El objetivo de la iniciativa PASTOREO-FV, puesta en marcha por CICYTEX, es que estas instalaciones sean m\u00e1s sostenibles.\" \/>\n<meta property=\"og:url\" content=\"https:\/\/agroingex.es\/pt\/a-extremadura-acolhe-um-projeto-de-investigacao-comprometido-com-a-implementacao-de-estrategias-de-gestao-pecuaria-e-de-centrais-fotovoltaicas\/\" \/>\n<meta property=\"og:site_name\" content=\"Agroingex\" \/>\n<meta property=\"article:published_time\" content=\"2023-11-23T09:51:02+00:00\" \/>\n<meta property=\"article:modified_time\" content=\"2023-11-23T09:51:30+00:00\" \/>\n<meta property=\"og:image\" content=\"https:\/\/agroingex.es\/wp-content\/uploads\/2023\/11\/pastoreo-1024x623.jpg\" \/>\n\t<meta property=\"og:image:width\" content=\"1024\" \/>\n\t<meta property=\"og:image:height\" content=\"623\" \/>\n\t<meta property=\"og:image:type\" content=\"image\/jpeg\" \/>\n<meta name=\"author\" content=\"Comunicaci\u00f3n\" \/>\n<meta name=\"twitter:card\" content=\"summary_large_image\" \/>\n<meta name=\"twitter:label1\" content=\"Escrito por\" \/>\n\t<meta name=\"twitter:data1\" content=\"Comunicaci\u00f3n\" \/>\n\t<meta name=\"twitter:label2\" content=\"Tempo estimado de leitura\" \/>\n\t<meta name=\"twitter:data2\" content=\"2 minutos\" \/>\n<script type=\"application\/ld+json\" class=\"yoast-schema-graph\">{\"@context\":\"https:\/\/schema.org\",\"@graph\":[{\"@type\":\"Article\",\"@id\":\"https:\/\/agroingex.es\/extremadura-acoge-proyecto-investigacion-apuesta-por-implantar-estrategias-gestion-ganadera-plantas-fotovoltaicas\/#article\",\"isPartOf\":{\"@id\":\"https:\/\/agroingex.es\/extremadura-acoge-proyecto-investigacion-apuesta-por-implantar-estrategias-gestion-ganadera-plantas-fotovoltaicas\/\"},\"author\":{\"name\":\"Comunicaci\u00f3n\",\"@id\":\"https:\/\/agroingex.es\/#\/schema\/person\/f03165d17ee4970f7282e1cff887dc76\"},\"headline\":\"Extremadura acoge un proyecto de investigaci\u00f3n que apuesta por implantar estrategias de gesti\u00f3n ganadera en plantas fotovoltaicas\",\"datePublished\":\"2023-11-23T09:51:02+00:00\",\"dateModified\":\"2023-11-23T09:51:30+00:00\",\"mainEntityOfPage\":{\"@id\":\"https:\/\/agroingex.es\/extremadura-acoge-proyecto-investigacion-apuesta-por-implantar-estrategias-gestion-ganadera-plantas-fotovoltaicas\/\"},\"wordCount\":473,\"publisher\":{\"@id\":\"https:\/\/agroingex.es\/#organization\"},\"image\":{\"@id\":\"https:\/\/agroingex.es\/extremadura-acoge-proyecto-investigacion-apuesta-por-implantar-estrategias-gestion-ganadera-plantas-fotovoltaicas\/#primaryimage\"},\"thumbnailUrl\":\"https:\/\/agroingex.es\/wp-content\/uploads\/2023\/11\/pastoreo.jpg\",\"articleSection\":[\"Sostenibilidad\"],\"inLanguage\":\"pt-PT\"},{\"@type\":\"WebPage\",\"@id\":\"https:\/\/agroingex.es\/extremadura-acoge-proyecto-investigacion-apuesta-por-implantar-estrategias-gestion-ganadera-plantas-fotovoltaicas\/\",\"url\":\"https:\/\/agroingex.es\/extremadura-acoge-proyecto-investigacion-apuesta-por-implantar-estrategias-gestion-ganadera-plantas-fotovoltaicas\/\",\"name\":\"Extremadura acoge un proyecto de investigaci\u00f3n que apuesta por implantar estrategias de gesti\u00f3n ganadera en plantas fotovoltaicas - Agroingex\",\"isPartOf\":{\"@id\":\"https:\/\/agroingex.es\/#website\"},\"primaryImageOfPage\":{\"@id\":\"https:\/\/agroingex.es\/extremadura-acoge-proyecto-investigacion-apuesta-por-implantar-estrategias-gestion-ganadera-plantas-fotovoltaicas\/#primaryimage\"},\"image\":{\"@id\":\"https:\/\/agroingex.es\/extremadura-acoge-proyecto-investigacion-apuesta-por-implantar-estrategias-gestion-ganadera-plantas-fotovoltaicas\/#primaryimage\"},\"thumbnailUrl\":\"https:\/\/agroingex.es\/wp-content\/uploads\/2023\/11\/pastoreo.jpg\",\"datePublished\":\"2023-11-23T09:51:02+00:00\",\"dateModified\":\"2023-11-23T09:51:30+00:00\",\"description\":\"El objetivo de la iniciativa PASTOREO-FV, puesta en marcha por CICYTEX, es que estas instalaciones sean m\u00e1s sostenibles.\",\"breadcrumb\":{\"@id\":\"https:\/\/agroingex.es\/extremadura-acoge-proyecto-investigacion-apuesta-por-implantar-estrategias-gestion-ganadera-plantas-fotovoltaicas\/#breadcrumb\"},\"inLanguage\":\"pt-PT\",\"potentialAction\":[{\"@type\":\"ReadAction\",\"target\":[\"https:\/\/agroingex.es\/extremadura-acoge-proyecto-investigacion-apuesta-por-implantar-estrategias-gestion-ganadera-plantas-fotovoltaicas\/\"]}]},{\"@type\":\"ImageObject\",\"inLanguage\":\"pt-PT\",\"@id\":\"https:\/\/agroingex.es\/extremadura-acoge-proyecto-investigacion-apuesta-por-implantar-estrategias-gestion-ganadera-plantas-fotovoltaicas\/#primaryimage\",\"url\":\"https:\/\/agroingex.es\/wp-content\/uploads\/2023\/11\/pastoreo.jpg\",\"contentUrl\":\"https:\/\/agroingex.es\/wp-content\/uploads\/2023\/11\/pastoreo.jpg\",\"width\":1920,\"height\":1169,\"caption\":\"pastoreo\"},{\"@type\":\"BreadcrumbList\",\"@id\":\"https:\/\/agroingex.es\/extremadura-acoge-proyecto-investigacion-apuesta-por-implantar-estrategias-gestion-ganadera-plantas-fotovoltaicas\/#breadcrumb\",\"itemListElement\":[{\"@type\":\"ListItem\",\"position\":1,\"name\":\"Portada\",\"item\":\"https:\/\/agroingex.es\/\"},{\"@type\":\"ListItem\",\"position\":2,\"name\":\"Extremadura acoge un proyecto de investigaci\u00f3n que apuesta por implantar estrategias de gesti\u00f3n ganadera en plantas fotovoltaicas\"}]},{\"@type\":\"WebSite\",\"@id\":\"https:\/\/agroingex.es\/#website\",\"url\":\"https:\/\/agroingex.es\/\",\"name\":\"Agroingex\",\"description\":\"Agroingex | Gesti\u00f3n de explotaciones agrarias\",\"publisher\":{\"@id\":\"https:\/\/agroingex.es\/#organization\"},\"potentialAction\":[{\"@type\":\"SearchAction\",\"target\":{\"@type\":\"EntryPoint\",\"urlTemplate\":\"https:\/\/agroingex.es\/?s={search_term_string}\"},\"query-input\":{\"@type\":\"PropertyValueSpecification\",\"valueRequired\":true,\"valueName\":\"search_term_string\"}}],\"inLanguage\":\"pt-PT\"},{\"@type\":\"Organization\",\"@id\":\"https:\/\/agroingex.es\/#organization\",\"name\":\"Agroingex\",\"url\":\"https:\/\/agroingex.es\/\",\"logo\":{\"@type\":\"ImageObject\",\"inLanguage\":\"pt-PT\",\"@id\":\"https:\/\/agroingex.es\/#\/schema\/logo\/image\/\",\"url\":\"https:\/\/agroingex.es\/wp-content\/uploads\/2022\/09\/agroingex-energia.png\",\"contentUrl\":\"https:\/\/agroingex.es\/wp-content\/uploads\/2022\/09\/agroingex-energia.png\",\"width\":545,\"height\":241,\"caption\":\"Agroingex\"},\"image\":{\"@id\":\"https:\/\/agroingex.es\/#\/schema\/logo\/image\/\"}},{\"@type\":\"Person\",\"@id\":\"https:\/\/agroingex.es\/#\/schema\/person\/f03165d17ee4970f7282e1cff887dc76\",\"name\":\"Comunicaci\u00f3n\",\"image\":{\"@type\":\"ImageObject\",\"inLanguage\":\"pt-PT\",\"@id\":\"https:\/\/agroingex.es\/#\/schema\/person\/image\/\",\"url\":\"https:\/\/secure.gravatar.com\/avatar\/158bcb11042f9b372d52218aa5510674159de6c7d90d996f0579d75d77fe136d?s=96&d=mm&r=g\",\"contentUrl\":\"https:\/\/secure.gravatar.com\/avatar\/158bcb11042f9b372d52218aa5510674159de6c7d90d996f0579d75d77fe136d?s=96&d=mm&r=g\",\"caption\":\"Comunicaci\u00f3n\"},\"sameAs\":[\"http:\/\/agroingex.es\"]}]}<\/script>\n<!-- \/ Yoast SEO plugin. -->","yoast_head_json":{"title":"Extremadura acolhe projeto de investiga\u00e7\u00e3o que visa implementar estrat\u00e9gias de gest\u00e3o pecu\u00e1ria em centrais fotovoltaicas - Agroingex","description":"O objetivo da iniciativa PASTOREO-FV, lan\u00e7ada pelo CICYTEX, \u00e9 tornar essas instala\u00e7\u00f5es mais sustent\u00e1veis.","robots":{"index":"index","follow":"follow","max-snippet":"max-snippet:-1","max-image-preview":"max-image-preview:large","max-video-preview":"max-video-preview:-1"},"canonical":"https:\/\/agroingex.es\/pt\/a-extremadura-acolhe-um-projeto-de-investigacao-comprometido-com-a-implementacao-de-estrategias-de-gestao-pecuaria-e-de-centrais-fotovoltaicas\/","og_locale":"pt_PT","og_type":"article","og_title":"Extremadura acoge un proyecto de investigaci\u00f3n que apuesta por implantar estrategias de gesti\u00f3n ganadera en plantas fotovoltaicas - Agroingex","og_description":"El objetivo de la iniciativa PASTOREO-FV, puesta en marcha por CICYTEX, es que estas instalaciones sean m\u00e1s sostenibles.","og_url":"https:\/\/agroingex.es\/pt\/a-extremadura-acolhe-um-projeto-de-investigacao-comprometido-com-a-implementacao-de-estrategias-de-gestao-pecuaria-e-de-centrais-fotovoltaicas\/","og_site_name":"Agroingex","article_published_time":"2023-11-23T09:51:02+00:00","article_modified_time":"2023-11-23T09:51:30+00:00","og_image":[{"width":1024,"height":623,"url":"https:\/\/agroingex.es\/wp-content\/uploads\/2023\/11\/pastoreo-1024x623.jpg","type":"image\/jpeg"}],"author":"Comunicaci\u00f3n","twitter_card":"summary_large_image","twitter_misc":{"Escrito por":"Comunicaci\u00f3n","Tempo estimado de leitura":"2 minutos"},"schema":{"@context":"https:\/\/schema.org","@graph":[{"@type":"Article","@id":"https:\/\/agroingex.es\/extremadura-acoge-proyecto-investigacion-apuesta-por-implantar-estrategias-gestion-ganadera-plantas-fotovoltaicas\/#article","isPartOf":{"@id":"https:\/\/agroingex.es\/extremadura-acoge-proyecto-investigacion-apuesta-por-implantar-estrategias-gestion-ganadera-plantas-fotovoltaicas\/"},"author":{"name":"Comunicaci\u00f3n","@id":"https:\/\/agroingex.es\/#\/schema\/person\/f03165d17ee4970f7282e1cff887dc76"},"headline":"Extremadura acoge un proyecto de investigaci\u00f3n que apuesta por implantar estrategias de gesti\u00f3n ganadera en plantas fotovoltaicas","datePublished":"2023-11-23T09:51:02+00:00","dateModified":"2023-11-23T09:51:30+00:00","mainEntityOfPage":{"@id":"https:\/\/agroingex.es\/extremadura-acoge-proyecto-investigacion-apuesta-por-implantar-estrategias-gestion-ganadera-plantas-fotovoltaicas\/"},"wordCount":473,"publisher":{"@id":"https:\/\/agroingex.es\/#organization"},"image":{"@id":"https:\/\/agroingex.es\/extremadura-acoge-proyecto-investigacion-apuesta-por-implantar-estrategias-gestion-ganadera-plantas-fotovoltaicas\/#primaryimage"},"thumbnailUrl":"https:\/\/agroingex.es\/wp-content\/uploads\/2023\/11\/pastoreo.jpg","articleSection":["Sostenibilidad"],"inLanguage":"pt-PT"},{"@type":"WebPage","@id":"https:\/\/agroingex.es\/extremadura-acoge-proyecto-investigacion-apuesta-por-implantar-estrategias-gestion-ganadera-plantas-fotovoltaicas\/","url":"https:\/\/agroingex.es\/extremadura-acoge-proyecto-investigacion-apuesta-por-implantar-estrategias-gestion-ganadera-plantas-fotovoltaicas\/","name":"Extremadura acolhe projeto de investiga\u00e7\u00e3o que visa implementar estrat\u00e9gias de gest\u00e3o pecu\u00e1ria em centrais fotovoltaicas - Agroingex","isPartOf":{"@id":"https:\/\/agroingex.es\/#website"},"primaryImageOfPage":{"@id":"https:\/\/agroingex.es\/extremadura-acoge-proyecto-investigacion-apuesta-por-implantar-estrategias-gestion-ganadera-plantas-fotovoltaicas\/#primaryimage"},"image":{"@id":"https:\/\/agroingex.es\/extremadura-acoge-proyecto-investigacion-apuesta-por-implantar-estrategias-gestion-ganadera-plantas-fotovoltaicas\/#primaryimage"},"thumbnailUrl":"https:\/\/agroingex.es\/wp-content\/uploads\/2023\/11\/pastoreo.jpg","datePublished":"2023-11-23T09:51:02+00:00","dateModified":"2023-11-23T09:51:30+00:00","description":"O objetivo da iniciativa PASTOREO-FV, lan\u00e7ada pelo CICYTEX, \u00e9 tornar essas instala\u00e7\u00f5es mais sustent\u00e1veis.","breadcrumb":{"@id":"https:\/\/agroingex.es\/extremadura-acoge-proyecto-investigacion-apuesta-por-implantar-estrategias-gestion-ganadera-plantas-fotovoltaicas\/#breadcrumb"},"inLanguage":"pt-PT","potentialAction":[{"@type":"ReadAction","target":["https:\/\/agroingex.es\/extremadura-acoge-proyecto-investigacion-apuesta-por-implantar-estrategias-gestion-ganadera-plantas-fotovoltaicas\/"]}]},{"@type":"ImageObject","inLanguage":"pt-PT","@id":"https:\/\/agroingex.es\/extremadura-acoge-proyecto-investigacion-apuesta-por-implantar-estrategias-gestion-ganadera-plantas-fotovoltaicas\/#primaryimage","url":"https:\/\/agroingex.es\/wp-content\/uploads\/2023\/11\/pastoreo.jpg","contentUrl":"https:\/\/agroingex.es\/wp-content\/uploads\/2023\/11\/pastoreo.jpg","width":1920,"height":1169,"caption":"pastoreo"},{"@type":"BreadcrumbList","@id":"https:\/\/agroingex.es\/extremadura-acoge-proyecto-investigacion-apuesta-por-implantar-estrategias-gestion-ganadera-plantas-fotovoltaicas\/#breadcrumb","itemListElement":[{"@type":"ListItem","position":1,"name":"Portada","item":"https:\/\/agroingex.es\/"},{"@type":"ListItem","position":2,"name":"Extremadura acoge un proyecto de investigaci\u00f3n que apuesta por implantar estrategias de gesti\u00f3n ganadera en plantas fotovoltaicas"}]},{"@type":"WebSite","@id":"https:\/\/agroingex.es\/#website","url":"https:\/\/agroingex.es\/","name":"Agroingex","description":"Agroingex | Gest\u00e3o de fazenda","publisher":{"@id":"https:\/\/agroingex.es\/#organization"},"potentialAction":[{"@type":"SearchAction","target":{"@type":"EntryPoint","urlTemplate":"https:\/\/agroingex.es\/?s={search_term_string}"},"query-input":{"@type":"PropertyValueSpecification","valueRequired":true,"valueName":"search_term_string"}}],"inLanguage":"pt-PT"},{"@type":"Organization","@id":"https:\/\/agroingex.es\/#organization","name":"Agroingex","url":"https:\/\/agroingex.es\/","logo":{"@type":"ImageObject","inLanguage":"pt-PT","@id":"https:\/\/agroingex.es\/#\/schema\/logo\/image\/","url":"https:\/\/agroingex.es\/wp-content\/uploads\/2022\/09\/agroingex-energia.png","contentUrl":"https:\/\/agroingex.es\/wp-content\/uploads\/2022\/09\/agroingex-energia.png","width":545,"height":241,"caption":"Agroingex"},"image":{"@id":"https:\/\/agroingex.es\/#\/schema\/logo\/image\/"}},{"@type":"Person","@id":"https:\/\/agroingex.es\/#\/schema\/person\/f03165d17ee4970f7282e1cff887dc76","name":"Comunica\u00e7\u00e3o","image":{"@type":"ImageObject","inLanguage":"pt-PT","@id":"https:\/\/agroingex.es\/#\/schema\/person\/image\/","url":"https:\/\/secure.gravatar.com\/avatar\/158bcb11042f9b372d52218aa5510674159de6c7d90d996f0579d75d77fe136d?s=96&d=mm&r=g","contentUrl":"https:\/\/secure.gravatar.com\/avatar\/158bcb11042f9b372d52218aa5510674159de6c7d90d996f0579d75d77fe136d?s=96&d=mm&r=g","caption":"Comunicaci\u00f3n"},"sameAs":["http:\/\/agroingex.es"]}]}},"_links":{"self":[{"href":"https:\/\/agroingex.es\/pt\/wp-json\/wp\/v2\/posts\/4019","targetHints":{"allow":["GET"]}}],"collection":[{"href":"https:\/\/agroingex.es\/pt\/wp-json\/wp\/v2\/posts"}],"about":[{"href":"https:\/\/agroingex.es\/pt\/wp-json\/wp\/v2\/types\/post"}],"author":[{"embeddable":true,"href":"https:\/\/agroingex.es\/pt\/wp-json\/wp\/v2\/users\/1"}],"replies":[{"embeddable":true,"href":"https:\/\/agroingex.es\/pt\/wp-json\/wp\/v2\/comments?post=4019"}],"version-history":[{"count":2,"href":"https:\/\/agroingex.es\/pt\/wp-json\/wp\/v2\/posts\/4019\/revisions"}],"predecessor-version":[{"id":4022,"href":"https:\/\/agroingex.es\/pt\/wp-json\/wp\/v2\/posts\/4019\/revisions\/4022"}],"wp:featuredmedia":[{"embeddable":true,"href":"https:\/\/agroingex.es\/pt\/wp-json\/wp\/v2\/media\/4020"}],"wp:attachment":[{"href":"https:\/\/agroingex.es\/pt\/wp-json\/wp\/v2\/media?parent=4019"}],"wp:term":[{"taxonomy":"category","embeddable":true,"href":"https:\/\/agroingex.es\/pt\/wp-json\/wp\/v2\/categories?post=4019"},{"taxonomy":"post_tag","embeddable":true,"href":"https:\/\/agroingex.es\/pt\/wp-json\/wp\/v2\/tags?post=4019"}],"curies":[{"name":"wp","href":"https:\/\/api.w.org\/{rel}","templated":true}]}}