{"id":4062,"date":"2024-03-25T12:44:24","date_gmt":"2024-03-25T12:44:24","guid":{"rendered":"https:\/\/agroingex.es\/?p=4062"},"modified":"2024-03-25T12:44:24","modified_gmt":"2024-03-25T12:44:24","slug":"como-a-sombra-nos-paineis-solares-afeta-isso-tem-solucao","status":"publish","type":"post","link":"https:\/\/agroingex.es\/pt\/como-a-sombra-nos-paineis-solares-afeta-isso-tem-solucao\/","title":{"rendered":"Sombra em pain\u00e9is solares: como isso afeta voc\u00ea? Existe uma solu\u00e7\u00e3o?"},"content":{"rendered":"<p><span style=\"font-weight: 400;\">A sombra \u00e9 um dos fatores mais cr\u00edticos que podem afetar o desempenho dos pain\u00e9is solares, reduzindo sua efici\u00eancia e, consequentemente, a quantidade de energia el\u00e9trica que eles podem gerar. Esse fen\u00f4meno ocorre porque os pain\u00e9is solares funcionam convertendo a luz solar direta em eletricidade, e qualquer obstru\u00e7\u00e3o que limite a exposi\u00e7\u00e3o \u00e0 luz solar pode diminuir sua capacidade de produ\u00e7\u00e3o de energia. Neste artigo, explicaremos como a sombra afeta os pain\u00e9is fotovoltaicos e quais solu\u00e7\u00f5es podem ser implementadas para minimizar esse impacto.<\/span><\/p>\n<h2><b>Efeitos da sombra nos pain\u00e9is solares<\/b><\/h2>\n<ul>\n<li style=\"font-weight: 400;\" aria-level=\"1\"><span style=\"font-weight: 400;\">Redu\u00e7\u00e3o na pot\u00eancia gerada: Mesmo uma pequena sombra em parte do painel pode reduzir significativamente a produ\u00e7\u00e3o de energia. Isso ocorre porque muitos pain\u00e9is solares s\u00e3o conectados em s\u00e9rie dentro da mesma string; Se parte desta sequ\u00eancia estiver sombreada, isso poder\u00e1 afetar o desempenho de toda a sequ\u00eancia.<\/span><\/li>\n<li style=\"font-weight: 400;\" aria-level=\"1\"><span style=\"font-weight: 400;\">Pontos quentes: \u00e1reas sombreadas em um painel solar podem causar ac\u00famulo de calor, resultando nos chamados \u201cpontos quentes\u201d. Eles podem danificar as c\u00e9lulas solares e reduzir a vida \u00fatil do painel.<\/span><\/li>\n<li style=\"font-weight: 400;\" aria-level=\"1\"><span style=\"font-weight: 400;\">Desequil\u00edbrio do sistema: o sombreamento pode causar desequil\u00edbrios no sistema solar, pois alguns pain\u00e9is podem gerar menos energia do que outros. Isso pode levar a uma diminui\u00e7\u00e3o geral na efici\u00eancia do sistema.<\/span><\/li>\n<\/ul>\n<h2><b>Solu\u00e7\u00f5es para mitigar os efeitos da sombra<\/b><\/h2>\n<ul>\n<li style=\"font-weight: 400;\" aria-level=\"1\"><span style=\"font-weight: 400;\">Avalia\u00e7\u00e3o e planejamento cuidadosos: antes de instalar pain\u00e9is solares, \u00e9 crucial realizar uma avalia\u00e7\u00e3o detalhada do local para identificar poss\u00edveis fontes de sombreamento durante o dia e ao longo do ano. Isso pode incluir \u00e1rvores, edif\u00edcios pr\u00f3ximos ou at\u00e9 mesmo elementos estruturais do edif\u00edcio onde os pain\u00e9is ser\u00e3o instalados.<\/span><\/li>\n<li style=\"font-weight: 400;\" aria-level=\"1\"><span style=\"font-weight: 400;\">Tecnologia de microinversor e otimizador de pot\u00eancia: Essas tecnologias permitem que cada painel opere de forma independente. Se um painel estiver sombreado e seu desempenho diminuir, isso n\u00e3o afetar\u00e1 o desempenho dos outros pain\u00e9is no sistema.<\/span><\/li>\n<li style=\"font-weight: 400;\" aria-level=\"1\"><span style=\"font-weight: 400;\">Rastreadores solares: os rastreadores solares ajustam a posi\u00e7\u00e3o dos pain\u00e9is solares ao longo do dia para maximizar sua exposi\u00e7\u00e3o \u00e0 luz solar direta, reduzindo assim o impacto do sombreamento.<\/span><\/li>\n<li style=\"font-weight: 400;\" aria-level=\"1\"><span style=\"font-weight: 400;\">Poda e manuten\u00e7\u00e3o: Manter a \u00e1rea ao redor dos pain\u00e9is solares livre de obstru\u00e7\u00f5es, como \u00e1rvores ou vegeta\u00e7\u00e3o que possam crescer e fazer sombra, \u00e9 uma solu\u00e7\u00e3o simples, mas eficaz.<\/span><\/li>\n<li style=\"font-weight: 400;\" aria-level=\"1\"><span style=\"font-weight: 400;\">Design e posicionamento estrat\u00e9gicos: projetar o layout dos pain\u00e9is solares tendo em mente poss\u00edveis fontes de sombra pode minimizar seu impacto. Isso pode incluir a coloca\u00e7\u00e3o estrat\u00e9gica de pain\u00e9is em \u00e1reas com a menor quantidade de sombra poss\u00edvel ou o uso de estruturas elevadas para evitar sombras projetadas por objetos pr\u00f3ximos.<\/span><\/li>\n<\/ul>\n<p><span style=\"font-weight: 400;\">O sombreamento \u00e9 um problema significativo para a efici\u00eancia dos pain\u00e9is solares, mas com um planejamento cuidadoso e a implementa\u00e7\u00e3o de solu\u00e7\u00f5es tecnol\u00f3gicas avan\u00e7adas, seu impacto pode ser minimizado. Ao tomar medidas proativas para gerenciar a sombra, voc\u00ea pode garantir a produ\u00e7\u00e3o ideal de energia e prolongar a vida \u00fatil de suas instala\u00e7\u00f5es solares. A energia solar continua sendo uma das formas mais sustent\u00e1veis e ecologicamente corretas de gerar eletricidade.\u00a0<\/span><\/p>\n<p>&nbsp;<\/p>\n<h3><span style=\"font-weight: 400;\">Gostaria de um or\u00e7amento personalizado? Entre no nosso <a href=\"https:\/\/rrubio829487.typeform.com\/to\/mWSE2jVh?typeform-source=www.google.com\">calculadora solar<\/a> e adquira o seu.\u00a0<\/span><\/h3>","protected":false},"excerpt":{"rendered":"<p>A sombra \u00e9 um dos fatores mais cr\u00edticos que podem afetar o desempenho dos pain\u00e9is solares, reduzindo sua efici\u00eancia e, consequentemente, a quantidade de energia el\u00e9trica que podem gerar. Esse fen\u00f4meno ocorre porque os pain\u00e9is solares funcionam convertendo a luz solar direta em eletricidade, e qualquer obstru\u00e7\u00e3o que limite a exposi\u00e7\u00e3o [\u2026]<\/p>","protected":false},"author":1,"featured_media":4063,"comment_status":"closed","ping_status":"closed","sticky":false,"template":"","format":"standard","meta":{"footnotes":""},"categories":[1],"tags":[],"class_list":["post-4062","post","type-post","status-publish","format-standard","has-post-thumbnail","hentry","category-sin-categoria"],"yoast_head":"<!-- This site is optimized with the Yoast SEO plugin v26.6 - https:\/\/yoast.com\/wordpress\/plugins\/seo\/ -->\n<title>La sombra en los paneles solares: \u00bfC\u00f3mo afecta? \u00bfTiene soluci\u00f3n? - Agroingex<\/title>\n<meta name=\"description\" content=\"\u00bfCu\u00e1nto afecta la sombra a los paneles solares? En este art\u00edculo te explicamos la importancia de este problema y sus posibles soluciones.\" \/>\n<meta name=\"robots\" content=\"index, follow, max-snippet:-1, max-image-preview:large, max-video-preview:-1\" \/>\n<link rel=\"canonical\" href=\"https:\/\/agroingex.es\/pt\/como-a-sombra-nos-paineis-solares-afeta-isso-tem-solucao\/\" \/>\n<meta property=\"og:locale\" content=\"pt_PT\" \/>\n<meta property=\"og:type\" content=\"article\" \/>\n<meta property=\"og:title\" content=\"La sombra en los paneles solares: \u00bfC\u00f3mo afecta? \u00bfTiene soluci\u00f3n? - Agroingex\" \/>\n<meta property=\"og:description\" content=\"\u00bfCu\u00e1nto afecta la sombra a los paneles solares? En este art\u00edculo te explicamos la importancia de este problema y sus posibles soluciones.\" \/>\n<meta property=\"og:url\" content=\"https:\/\/agroingex.es\/pt\/como-a-sombra-nos-paineis-solares-afeta-isso-tem-solucao\/\" \/>\n<meta property=\"og:site_name\" content=\"Agroingex\" \/>\n<meta property=\"article:published_time\" content=\"2024-03-25T12:44:24+00:00\" \/>\n<meta property=\"og:image\" content=\"https:\/\/agroingex.es\/wp-content\/uploads\/2024\/03\/paneles-solares-casa-techo-moderna-reflejo-luz-solar-1.jpg\" \/>\n\t<meta property=\"og:image:width\" content=\"1920\" \/>\n\t<meta property=\"og:image:height\" content=\"1280\" \/>\n\t<meta property=\"og:image:type\" content=\"image\/jpeg\" \/>\n<meta name=\"author\" content=\"Comunicaci\u00f3n\" \/>\n<meta name=\"twitter:card\" content=\"summary_large_image\" \/>\n<meta name=\"twitter:label1\" content=\"Escrito por\" \/>\n\t<meta name=\"twitter:data1\" content=\"Comunicaci\u00f3n\" \/>\n\t<meta name=\"twitter:label2\" content=\"Tempo estimado de leitura\" \/>\n\t<meta name=\"twitter:data2\" content=\"3 minutos\" \/>\n<script type=\"application\/ld+json\" class=\"yoast-schema-graph\">{\"@context\":\"https:\/\/schema.org\",\"@graph\":[{\"@type\":\"Article\",\"@id\":\"https:\/\/agroingex.es\/la-sombra-en-los-paneles-solares-como-afecta-tiene-solucion\/#article\",\"isPartOf\":{\"@id\":\"https:\/\/agroingex.es\/la-sombra-en-los-paneles-solares-como-afecta-tiene-solucion\/\"},\"author\":{\"name\":\"Comunicaci\u00f3n\",\"@id\":\"https:\/\/agroingex.es\/#\/schema\/person\/f03165d17ee4970f7282e1cff887dc76\"},\"headline\":\"La sombra en los paneles solares: \u00bfC\u00f3mo afecta? \u00bfTiene soluci\u00f3n?\",\"datePublished\":\"2024-03-25T12:44:24+00:00\",\"mainEntityOfPage\":{\"@id\":\"https:\/\/agroingex.es\/la-sombra-en-los-paneles-solares-como-afecta-tiene-solucion\/\"},\"wordCount\":579,\"publisher\":{\"@id\":\"https:\/\/agroingex.es\/#organization\"},\"image\":{\"@id\":\"https:\/\/agroingex.es\/la-sombra-en-los-paneles-solares-como-afecta-tiene-solucion\/#primaryimage\"},\"thumbnailUrl\":\"https:\/\/agroingex.es\/wp-content\/uploads\/2024\/03\/paneles-solares-casa-techo-moderna-reflejo-luz-solar-1.jpg\",\"articleSection\":[\"Sin categor\u00eda\"],\"inLanguage\":\"pt-PT\"},{\"@type\":\"WebPage\",\"@id\":\"https:\/\/agroingex.es\/la-sombra-en-los-paneles-solares-como-afecta-tiene-solucion\/\",\"url\":\"https:\/\/agroingex.es\/la-sombra-en-los-paneles-solares-como-afecta-tiene-solucion\/\",\"name\":\"La sombra en los paneles solares: \u00bfC\u00f3mo afecta? \u00bfTiene soluci\u00f3n? - Agroingex\",\"isPartOf\":{\"@id\":\"https:\/\/agroingex.es\/#website\"},\"primaryImageOfPage\":{\"@id\":\"https:\/\/agroingex.es\/la-sombra-en-los-paneles-solares-como-afecta-tiene-solucion\/#primaryimage\"},\"image\":{\"@id\":\"https:\/\/agroingex.es\/la-sombra-en-los-paneles-solares-como-afecta-tiene-solucion\/#primaryimage\"},\"thumbnailUrl\":\"https:\/\/agroingex.es\/wp-content\/uploads\/2024\/03\/paneles-solares-casa-techo-moderna-reflejo-luz-solar-1.jpg\",\"datePublished\":\"2024-03-25T12:44:24+00:00\",\"description\":\"\u00bfCu\u00e1nto afecta la sombra a los paneles solares? En este art\u00edculo te explicamos la importancia de este problema y sus posibles soluciones.\",\"breadcrumb\":{\"@id\":\"https:\/\/agroingex.es\/la-sombra-en-los-paneles-solares-como-afecta-tiene-solucion\/#breadcrumb\"},\"inLanguage\":\"pt-PT\",\"potentialAction\":[{\"@type\":\"ReadAction\",\"target\":[\"https:\/\/agroingex.es\/la-sombra-en-los-paneles-solares-como-afecta-tiene-solucion\/\"]}]},{\"@type\":\"ImageObject\",\"inLanguage\":\"pt-PT\",\"@id\":\"https:\/\/agroingex.es\/la-sombra-en-los-paneles-solares-como-afecta-tiene-solucion\/#primaryimage\",\"url\":\"https:\/\/agroingex.es\/wp-content\/uploads\/2024\/03\/paneles-solares-casa-techo-moderna-reflejo-luz-solar-1.jpg\",\"contentUrl\":\"https:\/\/agroingex.es\/wp-content\/uploads\/2024\/03\/paneles-solares-casa-techo-moderna-reflejo-luz-solar-1.jpg\",\"width\":1920,\"height\":1280,\"caption\":\"paneles solares casa techo moderna reflejo luz solar 1\"},{\"@type\":\"BreadcrumbList\",\"@id\":\"https:\/\/agroingex.es\/la-sombra-en-los-paneles-solares-como-afecta-tiene-solucion\/#breadcrumb\",\"itemListElement\":[{\"@type\":\"ListItem\",\"position\":1,\"name\":\"Portada\",\"item\":\"https:\/\/agroingex.es\/\"},{\"@type\":\"ListItem\",\"position\":2,\"name\":\"La sombra en los paneles solares: \u00bfC\u00f3mo afecta? \u00bfTiene soluci\u00f3n?\"}]},{\"@type\":\"WebSite\",\"@id\":\"https:\/\/agroingex.es\/#website\",\"url\":\"https:\/\/agroingex.es\/\",\"name\":\"Agroingex\",\"description\":\"Agroingex | Gesti\u00f3n de explotaciones agrarias\",\"publisher\":{\"@id\":\"https:\/\/agroingex.es\/#organization\"},\"potentialAction\":[{\"@type\":\"SearchAction\",\"target\":{\"@type\":\"EntryPoint\",\"urlTemplate\":\"https:\/\/agroingex.es\/?s={search_term_string}\"},\"query-input\":{\"@type\":\"PropertyValueSpecification\",\"valueRequired\":true,\"valueName\":\"search_term_string\"}}],\"inLanguage\":\"pt-PT\"},{\"@type\":\"Organization\",\"@id\":\"https:\/\/agroingex.es\/#organization\",\"name\":\"Agroingex\",\"url\":\"https:\/\/agroingex.es\/\",\"logo\":{\"@type\":\"ImageObject\",\"inLanguage\":\"pt-PT\",\"@id\":\"https:\/\/agroingex.es\/#\/schema\/logo\/image\/\",\"url\":\"https:\/\/agroingex.es\/wp-content\/uploads\/2022\/09\/agroingex-energia.png\",\"contentUrl\":\"https:\/\/agroingex.es\/wp-content\/uploads\/2022\/09\/agroingex-energia.png\",\"width\":545,\"height\":241,\"caption\":\"Agroingex\"},\"image\":{\"@id\":\"https:\/\/agroingex.es\/#\/schema\/logo\/image\/\"}},{\"@type\":\"Person\",\"@id\":\"https:\/\/agroingex.es\/#\/schema\/person\/f03165d17ee4970f7282e1cff887dc76\",\"name\":\"Comunicaci\u00f3n\",\"image\":{\"@type\":\"ImageObject\",\"inLanguage\":\"pt-PT\",\"@id\":\"https:\/\/agroingex.es\/#\/schema\/person\/image\/\",\"url\":\"https:\/\/secure.gravatar.com\/avatar\/158bcb11042f9b372d52218aa5510674159de6c7d90d996f0579d75d77fe136d?s=96&d=mm&r=g\",\"contentUrl\":\"https:\/\/secure.gravatar.com\/avatar\/158bcb11042f9b372d52218aa5510674159de6c7d90d996f0579d75d77fe136d?s=96&d=mm&r=g\",\"caption\":\"Comunicaci\u00f3n\"},\"sameAs\":[\"http:\/\/agroingex.es\"]}]}<\/script>\n<!-- \/ Yoast SEO plugin. -->","yoast_head_json":{"title":"Sombra em pain\u00e9is solares: como isso afeta voc\u00ea? Existe uma solu\u00e7\u00e3o? - Agroingex","description":"Quanto a sombra afeta os pain\u00e9is solares? Neste artigo, explicamos a import\u00e2ncia deste problema e suas poss\u00edveis solu\u00e7\u00f5es.","robots":{"index":"index","follow":"follow","max-snippet":"max-snippet:-1","max-image-preview":"max-image-preview:large","max-video-preview":"max-video-preview:-1"},"canonical":"https:\/\/agroingex.es\/pt\/como-a-sombra-nos-paineis-solares-afeta-isso-tem-solucao\/","og_locale":"pt_PT","og_type":"article","og_title":"La sombra en los paneles solares: \u00bfC\u00f3mo afecta? \u00bfTiene soluci\u00f3n? - Agroingex","og_description":"\u00bfCu\u00e1nto afecta la sombra a los paneles solares? En este art\u00edculo te explicamos la importancia de este problema y sus posibles soluciones.","og_url":"https:\/\/agroingex.es\/pt\/como-a-sombra-nos-paineis-solares-afeta-isso-tem-solucao\/","og_site_name":"Agroingex","article_published_time":"2024-03-25T12:44:24+00:00","og_image":[{"width":1920,"height":1280,"url":"https:\/\/agroingex.es\/wp-content\/uploads\/2024\/03\/paneles-solares-casa-techo-moderna-reflejo-luz-solar-1.jpg","type":"image\/jpeg"}],"author":"Comunicaci\u00f3n","twitter_card":"summary_large_image","twitter_misc":{"Escrito por":"Comunicaci\u00f3n","Tempo estimado de leitura":"3 minutos"},"schema":{"@context":"https:\/\/schema.org","@graph":[{"@type":"Article","@id":"https:\/\/agroingex.es\/la-sombra-en-los-paneles-solares-como-afecta-tiene-solucion\/#article","isPartOf":{"@id":"https:\/\/agroingex.es\/la-sombra-en-los-paneles-solares-como-afecta-tiene-solucion\/"},"author":{"name":"Comunicaci\u00f3n","@id":"https:\/\/agroingex.es\/#\/schema\/person\/f03165d17ee4970f7282e1cff887dc76"},"headline":"La sombra en los paneles solares: \u00bfC\u00f3mo afecta? \u00bfTiene soluci\u00f3n?","datePublished":"2024-03-25T12:44:24+00:00","mainEntityOfPage":{"@id":"https:\/\/agroingex.es\/la-sombra-en-los-paneles-solares-como-afecta-tiene-solucion\/"},"wordCount":579,"publisher":{"@id":"https:\/\/agroingex.es\/#organization"},"image":{"@id":"https:\/\/agroingex.es\/la-sombra-en-los-paneles-solares-como-afecta-tiene-solucion\/#primaryimage"},"thumbnailUrl":"https:\/\/agroingex.es\/wp-content\/uploads\/2024\/03\/paneles-solares-casa-techo-moderna-reflejo-luz-solar-1.jpg","articleSection":["Sin categor\u00eda"],"inLanguage":"pt-PT"},{"@type":"WebPage","@id":"https:\/\/agroingex.es\/la-sombra-en-los-paneles-solares-como-afecta-tiene-solucion\/","url":"https:\/\/agroingex.es\/la-sombra-en-los-paneles-solares-como-afecta-tiene-solucion\/","name":"Sombra em pain\u00e9is solares: como isso afeta voc\u00ea? Existe uma solu\u00e7\u00e3o? - Agroingex","isPartOf":{"@id":"https:\/\/agroingex.es\/#website"},"primaryImageOfPage":{"@id":"https:\/\/agroingex.es\/la-sombra-en-los-paneles-solares-como-afecta-tiene-solucion\/#primaryimage"},"image":{"@id":"https:\/\/agroingex.es\/la-sombra-en-los-paneles-solares-como-afecta-tiene-solucion\/#primaryimage"},"thumbnailUrl":"https:\/\/agroingex.es\/wp-content\/uploads\/2024\/03\/paneles-solares-casa-techo-moderna-reflejo-luz-solar-1.jpg","datePublished":"2024-03-25T12:44:24+00:00","description":"Quanto a sombra afeta os pain\u00e9is solares? Neste artigo, explicamos a import\u00e2ncia deste problema e suas poss\u00edveis solu\u00e7\u00f5es.","breadcrumb":{"@id":"https:\/\/agroingex.es\/la-sombra-en-los-paneles-solares-como-afecta-tiene-solucion\/#breadcrumb"},"inLanguage":"pt-PT","potentialAction":[{"@type":"ReadAction","target":["https:\/\/agroingex.es\/la-sombra-en-los-paneles-solares-como-afecta-tiene-solucion\/"]}]},{"@type":"ImageObject","inLanguage":"pt-PT","@id":"https:\/\/agroingex.es\/la-sombra-en-los-paneles-solares-como-afecta-tiene-solucion\/#primaryimage","url":"https:\/\/agroingex.es\/wp-content\/uploads\/2024\/03\/paneles-solares-casa-techo-moderna-reflejo-luz-solar-1.jpg","contentUrl":"https:\/\/agroingex.es\/wp-content\/uploads\/2024\/03\/paneles-solares-casa-techo-moderna-reflejo-luz-solar-1.jpg","width":1920,"height":1280,"caption":"paneles solares casa techo moderna reflejo luz solar 1"},{"@type":"BreadcrumbList","@id":"https:\/\/agroingex.es\/la-sombra-en-los-paneles-solares-como-afecta-tiene-solucion\/#breadcrumb","itemListElement":[{"@type":"ListItem","position":1,"name":"Portada","item":"https:\/\/agroingex.es\/"},{"@type":"ListItem","position":2,"name":"La sombra en los paneles solares: \u00bfC\u00f3mo afecta? \u00bfTiene soluci\u00f3n?"}]},{"@type":"WebSite","@id":"https:\/\/agroingex.es\/#website","url":"https:\/\/agroingex.es\/","name":"Agroingex","description":"Agroingex | Gest\u00e3o de fazenda","publisher":{"@id":"https:\/\/agroingex.es\/#organization"},"potentialAction":[{"@type":"SearchAction","target":{"@type":"EntryPoint","urlTemplate":"https:\/\/agroingex.es\/?s={search_term_string}"},"query-input":{"@type":"PropertyValueSpecification","valueRequired":true,"valueName":"search_term_string"}}],"inLanguage":"pt-PT"},{"@type":"Organization","@id":"https:\/\/agroingex.es\/#organization","name":"Agroingex","url":"https:\/\/agroingex.es\/","logo":{"@type":"ImageObject","inLanguage":"pt-PT","@id":"https:\/\/agroingex.es\/#\/schema\/logo\/image\/","url":"https:\/\/agroingex.es\/wp-content\/uploads\/2022\/09\/agroingex-energia.png","contentUrl":"https:\/\/agroingex.es\/wp-content\/uploads\/2022\/09\/agroingex-energia.png","width":545,"height":241,"caption":"Agroingex"},"image":{"@id":"https:\/\/agroingex.es\/#\/schema\/logo\/image\/"}},{"@type":"Person","@id":"https:\/\/agroingex.es\/#\/schema\/person\/f03165d17ee4970f7282e1cff887dc76","name":"Comunica\u00e7\u00e3o","image":{"@type":"ImageObject","inLanguage":"pt-PT","@id":"https:\/\/agroingex.es\/#\/schema\/person\/image\/","url":"https:\/\/secure.gravatar.com\/avatar\/158bcb11042f9b372d52218aa5510674159de6c7d90d996f0579d75d77fe136d?s=96&d=mm&r=g","contentUrl":"https:\/\/secure.gravatar.com\/avatar\/158bcb11042f9b372d52218aa5510674159de6c7d90d996f0579d75d77fe136d?s=96&d=mm&r=g","caption":"Comunicaci\u00f3n"},"sameAs":["http:\/\/agroingex.es"]}]}},"_links":{"self":[{"href":"https:\/\/agroingex.es\/pt\/wp-json\/wp\/v2\/posts\/4062","targetHints":{"allow":["GET"]}}],"collection":[{"href":"https:\/\/agroingex.es\/pt\/wp-json\/wp\/v2\/posts"}],"about":[{"href":"https:\/\/agroingex.es\/pt\/wp-json\/wp\/v2\/types\/post"}],"author":[{"embeddable":true,"href":"https:\/\/agroingex.es\/pt\/wp-json\/wp\/v2\/users\/1"}],"replies":[{"embeddable":true,"href":"https:\/\/agroingex.es\/pt\/wp-json\/wp\/v2\/comments?post=4062"}],"version-history":[{"count":1,"href":"https:\/\/agroingex.es\/pt\/wp-json\/wp\/v2\/posts\/4062\/revisions"}],"predecessor-version":[{"id":4064,"href":"https:\/\/agroingex.es\/pt\/wp-json\/wp\/v2\/posts\/4062\/revisions\/4064"}],"wp:featuredmedia":[{"embeddable":true,"href":"https:\/\/agroingex.es\/pt\/wp-json\/wp\/v2\/media\/4063"}],"wp:attachment":[{"href":"https:\/\/agroingex.es\/pt\/wp-json\/wp\/v2\/media?parent=4062"}],"wp:term":[{"taxonomy":"category","embeddable":true,"href":"https:\/\/agroingex.es\/pt\/wp-json\/wp\/v2\/categories?post=4062"},{"taxonomy":"post_tag","embeddable":true,"href":"https:\/\/agroingex.es\/pt\/wp-json\/wp\/v2\/tags?post=4062"}],"curies":[{"name":"wp","href":"https:\/\/api.w.org\/{rel}","templated":true}]}}